{"id":1135,"date":"2025-06-24T11:55:49","date_gmt":"2025-06-24T11:55:49","guid":{"rendered":"https:\/\/carcacia.com\/?p=1135"},"modified":"2025-06-24T12:00:01","modified_gmt":"2025-06-24T12:00:01","slug":"festa-se-san-xoan-2025-en-carcacia","status":"publish","type":"post","link":"https:\/\/carcacia.com\/?p=1135","title":{"rendered":"Festa de San Xoan 2025 en Carcac\u00eda."},"content":{"rendered":"\n<p> A pasada noite, e coma todos os anos, a Asociaci\u00f3n Cultural San Pedro de Carcac\u00eda organizou unha sardi\u00f1ada xunto a casa cultural da parroquia. Al\u00ed repart\u00edronse sardi\u00f1as, bebidas, bizcoito e tarta de queixo. Coma sempre, \u00e1s 12 da noite encendeuse a fogueira. Este ano asisteu mais xente ca nunca e o ambiente foi moi acolledor.<\/p>\n\n\n\n<figure class=\"is-layout-flex wp-block-gallery-1 wp-block-gallery has-nested-images columns-default is-cropped\">\n<figure class=\"wp-block-image size-large\"><a href=\"https:\/\/carcacia.com\/wp-content\/uploads\/2025\/06\/20250623_224906-scaled.jpg\"><img decoding=\"async\" loading=\"lazy\" width=\"1024\" height=\"576\" data-id=\"1139\"  src=\"https:\/\/carcacia.com\/wp-content\/uploads\/2025\/06\/20250623_224906-1024x576.jpg\" alt=\"\" class=\"wp-image-1139\" srcset=\"https:\/\/carcacia.com\/wp-content\/uploads\/2025\/06\/20250623_224906-1024x576.jpg 1024w, https:\/\/carcacia.com\/wp-content\/uploads\/2025\/06\/20250623_224906-300x169.jpg 300w, https:\/\/carcacia.com\/wp-content\/uploads\/2025\/06\/20250623_224906-768x432.jpg 768w, https:\/\/carcacia.com\/wp-content\/uploads\/2025\/06\/20250623_224906-1536x864.jpg 1536w, https:\/\/carcacia.com\/wp-content\/uploads\/2025\/06\/20250623_224906-2048x1152.jpg 2048w\" sizes=\"(max-width: 1024px) 100vw, 1024px\" \/><\/a><\/figure>\n\n\n\n<figure class=\"wp-block-image size-large\"><a href=\"https:\/\/carcacia.com\/wp-content\/uploads\/2025\/06\/20250624_000313-scaled.jpg\"><img decoding=\"async\" loading=\"lazy\" width=\"1024\" height=\"576\" data-id=\"1137\"  src=\"https:\/\/carcacia.com\/wp-content\/uploads\/2025\/06\/20250624_000313-1024x576.jpg\" alt=\"\" class=\"wp-image-1137\" srcset=\"https:\/\/carcacia.com\/wp-content\/uploads\/2025\/06\/20250624_000313-1024x576.jpg 1024w, https:\/\/carcacia.com\/wp-content\/uploads\/2025\/06\/20250624_000313-300x169.jpg 300w, https:\/\/carcacia.com\/wp-content\/uploads\/2025\/06\/20250624_000313-768x432.jpg 768w, https:\/\/carcacia.com\/wp-content\/uploads\/2025\/06\/20250624_000313-1536x864.jpg 1536w, https:\/\/carcacia.com\/wp-content\/uploads\/2025\/06\/20250624_000313-2048x1152.jpg 2048w\" sizes=\"(max-width: 1024px) 100vw, 1024px\" \/><\/a><\/figure>\n\n\n\n<figure class=\"wp-block-image size-large\"><a href=\"https:\/\/carcacia.com\/wp-content\/uploads\/2025\/06\/20250624_000514-scaled.jpg\"><img decoding=\"async\" loading=\"lazy\" width=\"1024\" height=\"576\" data-id=\"1138\"  src=\"https:\/\/carcacia.com\/wp-content\/uploads\/2025\/06\/20250624_000514-1024x576.jpg\" alt=\"\" class=\"wp-image-1138\" srcset=\"https:\/\/carcacia.com\/wp-content\/uploads\/2025\/06\/20250624_000514-1024x576.jpg 1024w, https:\/\/carcacia.com\/wp-content\/uploads\/2025\/06\/20250624_000514-300x169.jpg 300w, https:\/\/carcacia.com\/wp-content\/uploads\/2025\/06\/20250624_000514-768x432.jpg 768w, https:\/\/carcacia.com\/wp-content\/uploads\/2025\/06\/20250624_000514-1536x864.jpg 1536w, https:\/\/carcacia.com\/wp-content\/uploads\/2025\/06\/20250624_000514-2048x1152.jpg 2048w\" sizes=\"(max-width: 1024px) 100vw, 1024px\" \/><\/a><\/figure>\n\n\n\n<figure class=\"wp-block-image size-large\"><a href=\"https:\/\/carcacia.com\/wp-content\/uploads\/2025\/06\/20250624_000631-scaled.jpg\"><img decoding=\"async\" loading=\"lazy\" width=\"1024\" height=\"576\" data-id=\"1136\"  src=\"https:\/\/carcacia.com\/wp-content\/uploads\/2025\/06\/20250624_000631-1024x576.jpg\" alt=\"\" class=\"wp-image-1136\" srcset=\"https:\/\/carcacia.com\/wp-content\/uploads\/2025\/06\/20250624_000631-1024x576.jpg 1024w, https:\/\/carcacia.com\/wp-content\/uploads\/2025\/06\/20250624_000631-300x169.jpg 300w, https:\/\/carcacia.com\/wp-content\/uploads\/2025\/06\/20250624_000631-768x432.jpg 768w, https:\/\/carcacia.com\/wp-content\/uploads\/2025\/06\/20250624_000631-1536x864.jpg 1536w, https:\/\/carcacia.com\/wp-content\/uploads\/2025\/06\/20250624_000631-2048x1152.jpg 2048w\" sizes=\"(max-width: 1024px) 100vw, 1024px\" \/><\/a><\/figure>\n<\/figure>\n","protected":false},"excerpt":{"rendered":"<p>A pasada noite, e coma todos os anos, a Asociaci\u00f3n Cultural San Pedro de Carcac\u00eda organizou unha sardi\u00f1ada xunto a casa cultural da parroquia. Al\u00ed repart\u00edronse sardi\u00f1as, bebidas, bizcoito e tarta de queixo. Coma sempre, \u00e1s 12 da noite encendeuse &hellip; <a href=\"https:\/\/carcacia.com\/?p=1135\">Sigue lendo <span class=\"meta-nav\">&rarr;<\/span><\/a><\/p>\n","protected":false},"author":1,"featured_media":0,"comment_status":"open","ping_status":"open","sticky":false,"template":"","format":"standard","meta":[],"categories":[1],"tags":[],"_links":{"self":[{"href":"https:\/\/carcacia.com\/index.php?rest_route=\/wp\/v2\/posts\/1135"}],"collection":[{"href":"https:\/\/carcacia.com\/index.php?rest_route=\/wp\/v2\/posts"}],"about":[{"href":"https:\/\/carcacia.com\/index.php?rest_route=\/wp\/v2\/types\/post"}],"author":[{"embeddable":true,"href":"https:\/\/carcacia.com\/index.php?rest_route=\/wp\/v2\/users\/1"}],"replies":[{"embeddable":true,"href":"https:\/\/carcacia.com\/index.php?rest_route=%2Fwp%2Fv2%2Fcomments&post=1135"}],"version-history":[{"count":5,"href":"https:\/\/carcacia.com\/index.php?rest_route=\/wp\/v2\/posts\/1135\/revisions"}],"predecessor-version":[{"id":1144,"href":"https:\/\/carcacia.com\/index.php?rest_route=\/wp\/v2\/posts\/1135\/revisions\/1144"}],"wp:attachment":[{"href":"https:\/\/carcacia.com\/index.php?rest_route=%2Fwp%2Fv2%2Fmedia&parent=1135"}],"wp:term":[{"taxonomy":"category","embeddable":true,"href":"https:\/\/carcacia.com\/index.php?rest_route=%2Fwp%2Fv2%2Fcategories&post=1135"},{"taxonomy":"post_tag","embeddable":true,"href":"https:\/\/carcacia.com\/index.php?rest_route=%2Fwp%2Fv2%2Ftags&post=1135"}],"curies":[{"name":"wp","href":"https:\/\/api.w.org\/{rel}","templated":true}]}}