{"id":1128,"date":"2025-06-24T11:10:31","date_gmt":"2025-06-24T11:10:31","guid":{"rendered":"https:\/\/carcacia.com\/?p=1128"},"modified":"2025-06-24T11:41:22","modified_gmt":"2025-06-24T11:41:22","slug":"andaina-polo-camino-real-de-carcacia-22-de-xuno-de-2025","status":"publish","type":"post","link":"https:\/\/carcacia.com\/?p=1128","title":{"rendered":"Andaina polo Cami\u00f1o Real de Carcac\u00eda. 21 de Xu\u00f1o de 2025."},"content":{"rendered":"\n<p> <\/p>\n\n\n\n<div class=\"is-layout-flex wp-container-3 wp-block-columns\">\n<div class=\"is-layout-flow wp-block-column\">\n<p>A Asociaci\u00f3n de veci\u00f1os &#8220;A Sociedade&#8221; de Carcac\u00eda-Rumille organizou este pasado 21 de Xu\u00f1o unha andaina polo &#8220;Cami\u00f1o Real&#8221; de Carcac\u00eda, de uns 7km, dende o campo de festas ata a <a href=\"https:\/\/carcacia.com\/?page_id=406\" data-type=\"page\" data-id=\"406\">ETAP<\/a> do Lapido. <\/p>\n<\/div>\n\n\n\n<div class=\"is-layout-flow wp-block-column\">\n<figure class=\"wp-block-image size-full is-resized\"><a href=\"https:\/\/carcacia.com\/wp-content\/uploads\/2025\/06\/cartel-andaina-220625.png\"><img decoding=\"async\" loading=\"lazy\" src=\"https:\/\/carcacia.com\/wp-content\/uploads\/2025\/06\/cartel-andaina-220625.png\" alt=\"\" class=\"wp-image-1129\" width=\"261\" height=\"294\" srcset=\"https:\/\/carcacia.com\/wp-content\/uploads\/2025\/06\/cartel-andaina-220625.png 681w, https:\/\/carcacia.com\/wp-content\/uploads\/2025\/06\/cartel-andaina-220625-266x300.png 266w\" sizes=\"(max-width: 261px) 100vw, 261px\" \/><\/a><\/figure>\n<\/div>\n<\/div>\n\n\n\n<figure class=\"wp-block-embed is-type-video is-provider-youtube wp-block-embed-youtube wp-embed-aspect-16-9 wp-has-aspect-ratio\"><div class=\"wp-block-embed__wrapper\">\n<iframe loading=\"lazy\" title=\"Andaina Cami\u00f1o Real de Carcac\u00eda\" width=\"640\" height=\"360\" src=\"https:\/\/www.youtube.com\/embed\/yX1mTAweP7c?feature=oembed\" frameborder=\"0\" allow=\"accelerometer; autoplay; clipboard-write; encrypted-media; gyroscope; picture-in-picture; web-share\" referrerpolicy=\"strict-origin-when-cross-origin\" allowfullscreen><\/iframe>\n<\/div><\/figure>\n","protected":false},"excerpt":{"rendered":"<p>A Asociaci\u00f3n de veci\u00f1os &#8220;A Sociedade&#8221; de Carcac\u00eda-Rumille organizou este pasado 21 de Xu\u00f1o unha andaina polo &#8220;Cami\u00f1o Real&#8221; de Carcac\u00eda, de uns 7km, dende o campo de festas ata a ETAP do Lapido.<\/p>\n","protected":false},"author":1,"featured_media":0,"comment_status":"open","ping_status":"open","sticky":false,"template":"","format":"standard","meta":[],"categories":[1],"tags":[],"_links":{"self":[{"href":"https:\/\/carcacia.com\/index.php?rest_route=\/wp\/v2\/posts\/1128"}],"collection":[{"href":"https:\/\/carcacia.com\/index.php?rest_route=\/wp\/v2\/posts"}],"about":[{"href":"https:\/\/carcacia.com\/index.php?rest_route=\/wp\/v2\/types\/post"}],"author":[{"embeddable":true,"href":"https:\/\/carcacia.com\/index.php?rest_route=\/wp\/v2\/users\/1"}],"replies":[{"embeddable":true,"href":"https:\/\/carcacia.com\/index.php?rest_route=%2Fwp%2Fv2%2Fcomments&post=1128"}],"version-history":[{"count":3,"href":"https:\/\/carcacia.com\/index.php?rest_route=\/wp\/v2\/posts\/1128\/revisions"}],"predecessor-version":[{"id":1134,"href":"https:\/\/carcacia.com\/index.php?rest_route=\/wp\/v2\/posts\/1128\/revisions\/1134"}],"wp:attachment":[{"href":"https:\/\/carcacia.com\/index.php?rest_route=%2Fwp%2Fv2%2Fmedia&parent=1128"}],"wp:term":[{"taxonomy":"category","embeddable":true,"href":"https:\/\/carcacia.com\/index.php?rest_route=%2Fwp%2Fv2%2Fcategories&post=1128"},{"taxonomy":"post_tag","embeddable":true,"href":"https:\/\/carcacia.com\/index.php?rest_route=%2Fwp%2Fv2%2Ftags&post=1128"}],"curies":[{"name":"wp","href":"https:\/\/api.w.org\/{rel}","templated":true}]}}