{"id":1124,"date":"2025-06-23T10:41:37","date_gmt":"2025-06-23T10:41:37","guid":{"rendered":"https:\/\/carcacia.com\/?p=1124"},"modified":"2025-06-23T10:42:13","modified_gmt":"2025-06-23T10:42:13","slug":"festa-na-honra-a-san-isidro-labrador-2025","status":"publish","type":"post","link":"https:\/\/carcacia.com\/?p=1124","title":{"rendered":"Festa na honra a San Isidro Labrador 2025."},"content":{"rendered":"\n<p>O dia 17 de Maio de 2025 celebrouse a festa na honra a San Isidro Labrador. Despois da misa que tivo lugar \u00e1 1 da tarde, mais de 200 persoas acudiron \u00f3 campo de festas onde hab\u00eda unha gran carpa. Al\u00ed reparteuse empanada, churrasco, bebidas, caf\u00e9 e ata queimada para todos, e \u00f3 finalizar houbo m\u00fasica por parte de varios gaiteiros e un DJ. <\/p>\n\n\n\n<figure class=\"wp-block-embed is-type-video is-provider-youtube wp-block-embed-youtube wp-embed-aspect-16-9 wp-has-aspect-ratio\"><div class=\"wp-block-embed__wrapper\">\n<iframe loading=\"lazy\" title=\"San Isidro 2025\" width=\"640\" height=\"360\" src=\"https:\/\/www.youtube.com\/embed\/imCYtCbbUdM?feature=oembed\" frameborder=\"0\" allow=\"accelerometer; autoplay; clipboard-write; encrypted-media; gyroscope; picture-in-picture; web-share\" referrerpolicy=\"strict-origin-when-cross-origin\" allowfullscreen><\/iframe>\n<\/div><\/figure>\n","protected":false},"excerpt":{"rendered":"<p>O dia 17 de Maio de 2025 celebrouse a festa na honra a San Isidro Labrador. Despois da misa que tivo lugar \u00e1 1 da tarde, mais de 200 persoas acudiron \u00f3 campo de festas onde hab\u00eda unha gran carpa. &hellip; <a href=\"https:\/\/carcacia.com\/?p=1124\">Sigue lendo <span class=\"meta-nav\">&rarr;<\/span><\/a><\/p>\n","protected":false},"author":1,"featured_media":0,"comment_status":"open","ping_status":"open","sticky":false,"template":"","format":"standard","meta":[],"categories":[1],"tags":[],"_links":{"self":[{"href":"https:\/\/carcacia.com\/index.php?rest_route=\/wp\/v2\/posts\/1124"}],"collection":[{"href":"https:\/\/carcacia.com\/index.php?rest_route=\/wp\/v2\/posts"}],"about":[{"href":"https:\/\/carcacia.com\/index.php?rest_route=\/wp\/v2\/types\/post"}],"author":[{"embeddable":true,"href":"https:\/\/carcacia.com\/index.php?rest_route=\/wp\/v2\/users\/1"}],"replies":[{"embeddable":true,"href":"https:\/\/carcacia.com\/index.php?rest_route=%2Fwp%2Fv2%2Fcomments&post=1124"}],"version-history":[{"count":2,"href":"https:\/\/carcacia.com\/index.php?rest_route=\/wp\/v2\/posts\/1124\/revisions"}],"predecessor-version":[{"id":1127,"href":"https:\/\/carcacia.com\/index.php?rest_route=\/wp\/v2\/posts\/1124\/revisions\/1127"}],"wp:attachment":[{"href":"https:\/\/carcacia.com\/index.php?rest_route=%2Fwp%2Fv2%2Fmedia&parent=1124"}],"wp:term":[{"taxonomy":"category","embeddable":true,"href":"https:\/\/carcacia.com\/index.php?rest_route=%2Fwp%2Fv2%2Fcategories&post=1124"},{"taxonomy":"post_tag","embeddable":true,"href":"https:\/\/carcacia.com\/index.php?rest_route=%2Fwp%2Fv2%2Ftags&post=1124"}],"curies":[{"name":"wp","href":"https:\/\/api.w.org\/{rel}","templated":true}]}}